{"id":24976,"date":"2023-09-29T16:14:20","date_gmt":"2023-09-29T14:14:20","guid":{"rendered":"https:\/\/lutz-blades.com\/?p=24976"},"modified":"2023-10-18T13:10:56","modified_gmt":"2023-10-18T11:10:56","slug":"misja-ameryka-poludniowa-specjalista-lutz-na-iplas-i-aseplas","status":"publish","type":"post","link":"https:\/\/lutz-blades.com\/pl\/misja-ameryka-poludniowa-specjalista-lutz-na-iplas-i-aseplas\/","title":{"rendered":"Misja Ameryka Po\u0142udniowa: Specjalista LUTZ na Iplas i Aseplas"},"content":{"rendered":"\n<p>Zwr\u00f3cili\u015bmy uwag\u0119 na LUTZ BLADES w Ekwadorze jednym ciosem. Manuel Garcia Blau jest nie tylko naszym ekspertem, je\u015bli chodzi o ostrza do ci\u0119cia folii. Jest r\u00f3wnie\u017c specjalist\u0105 od rynku po\u0142udniowoameryka\u0144skiego. W zwi\u0105zku z tym z powodzeniem reprezentowa\u0142 nas na targach Iplas w Guayaquil, gospodarczym centrum Ekwadoru. Lokalne firmy by\u0142y bardzo zainteresowane naszymi produktami, o czym \u015bwiadcz\u0105 konsekwentnie pozytywne reakcje.<\/p>\n\n\n\n<p>W tym samym czasie kongres zorganizowany przez ekwadorskie stowarzyszenie tworzyw sztucznych Aseplas skupi\u0142 si\u0119 na tematach gospodarki o obiegu zamkni\u0119tym i recyklingu. R\u00f3wnie\u017c tutaj Garcia Blau mog\u0142a pochwali\u0107 si\u0119 swoimi kompetencjami i wyg\u0142osi\u0142a dwa wyk\u0142ady eksperckie na temat szczeg\u00f3lnego znaczenia naszych ostrzy przemys\u0142owych do ci\u0119cia folii. Prezentacja zosta\u0142a odpowiednio dobrze przyj\u0119ta przez obecne firmy. W przysz\u0142o\u015bci skorzysta na tym r\u00f3wnie\u017c nasz lokalny dealer, Lucma &amp; Sons.<\/p>\n\n\n\n<p><strong>Wniosek:<\/strong> Ta podr\u00f3\u017c do Ekwadoru op\u0142aci\u0142a si\u0119 w pe\u0142ni i pomog\u0142a nam jeszcze bardziej rozszerzy\u0107 obecno\u015b\u0107 LUTZ BLADES w regionie. W przysz\u0142o\u015bci b\u0119dziemy nadal wzmacnia\u0107 nasze zaanga\u017cowanie w Ekwadorze i Ameryce Po\u0142udniowej.<\/p>\n","protected":false},"excerpt":{"rendered":"<p>Zwr\u00f3cili\u015bmy uwag\u0119 na LUTZ BLADES w Ekwadorze jednym ciosem. Manuel Garcia Blau jest nie tylko naszym ekspertem, je\u015bli chodzi o ostrza do ci\u0119cia folii. Jest r\u00f3wnie\u017c specjalist\u0105 od rynku po\u0142udniowoameryka\u0144skiego. W zwi\u0105zku z tym z powodzeniem reprezentowa\u0142 nas na targach Iplas w Guayaquil, gospodarczym centrum Ekwadoru. Lokalne firmy by\u0142y bardzo zainteresowane naszymi produktami, o czym &#8230; <\/p>\n<p class=\"read-more-container\"><a title=\"Misja Ameryka Po\u0142udniowa: Specjalista LUTZ na Iplas i Aseplas\" class=\"read-more button\" href=\"https:\/\/lutz-blades.com\/pl\/misja-ameryka-poludniowa-specjalista-lutz-na-iplas-i-aseplas\/#more-24976\" aria-label=\"Read more about Misja Ameryka Po\u0142udniowa: Specjalista LUTZ na Iplas i Aseplas\">weiterlesen<\/a><\/p>\n","protected":false},"author":1,"featured_media":24950,"comment_status":"closed","ping_status":"closed","sticky":false,"template":"","format":"standard","meta":{"_acf_changed":false,"footnotes":""},"categories":[823,97],"tags":[],"class_list":["post-24976","post","type-post","status-publish","format-standard","has-post-thumbnail","hentry","category-miedzynarodowy","category-targi","no-featured-image-padding"],"acf":[],"yoast_head":"<!-- This site is optimized with the Yoast SEO plugin v27.4 - https:\/\/yoast.com\/product\/yoast-seo-wordpress\/ -->\n<title>Misja Ameryka Po\u0142udniowa: Specjalista LUTZ na Iplas i Aseplas<\/title>\n<meta name=\"description\" content=\"LUTZ BLADES na Iplas &amp; Aseplas: Specjalista LUTZ Manuel Garcia Blau z sukcesem na targach Iplas &amp; Aseplas w Ekwadorze, Ameryka Po\u0142udniowa\" \/>\n<meta name=\"robots\" content=\"index, follow, max-snippet:-1, max-image-preview:large, max-video-preview:-1\" \/>\n<link rel=\"canonical\" href=\"https:\/\/lutz-blades.com\/pl\/misja-ameryka-poludniowa-specjalista-lutz-na-iplas-i-aseplas\/\" \/>\n<meta property=\"og:locale\" content=\"pl_PL\" \/>\n<meta property=\"og:type\" content=\"article\" \/>\n<meta property=\"og:title\" content=\"Misja Ameryka Po\u0142udniowa: Specjalista LUTZ na Iplas i Aseplas\" \/>\n<meta property=\"og:description\" content=\"LUTZ BLADES na Iplas &amp; Aseplas: Specjalista LUTZ Manuel Garcia Blau z sukcesem na targach Iplas &amp; Aseplas w Ekwadorze, Ameryka Po\u0142udniowa\" \/>\n<meta property=\"og:url\" content=\"https:\/\/lutz-blades.com\/pl\/misja-ameryka-poludniowa-specjalista-lutz-na-iplas-i-aseplas\/\" \/>\n<meta property=\"og:site_name\" content=\"LUTZ BLADES exactly\" \/>\n<meta property=\"article:published_time\" content=\"2023-09-29T14:14:20+00:00\" \/>\n<meta property=\"article:modified_time\" content=\"2023-10-18T11:10:56+00:00\" \/>\n<meta property=\"og:image\" content=\"https:\/\/lutz-blades.com\/wp-content\/uploads\/messe_suedamerika2_768x301-150x150.jpg\" \/>\n\t<meta property=\"og:image:width\" content=\"150\" \/>\n\t<meta property=\"og:image:height\" content=\"150\" \/>\n\t<meta property=\"og:image:type\" content=\"image\/jpeg\" \/>\n<meta name=\"author\" content=\"pixel-admin\" \/>\n<meta name=\"twitter:card\" content=\"summary_large_image\" \/>\n<meta name=\"twitter:label1\" content=\"Napisane przez\" \/>\n\t<meta name=\"twitter:data1\" content=\"pixel-admin\" \/>\n\t<meta name=\"twitter:label2\" content=\"Szacowany czas czytania\" \/>\n\t<meta name=\"twitter:data2\" content=\"1 minuta\" \/>\n<script type=\"application\/ld+json\" class=\"yoast-schema-graph\">{\"@context\":\"https:\\\/\\\/schema.org\",\"@graph\":[{\"@type\":\"Article\",\"@id\":\"https:\\\/\\\/lutz-blades.com\\\/pl\\\/misja-ameryka-poludniowa-specjalista-lutz-na-iplas-i-aseplas\\\/#article\",\"isPartOf\":{\"@id\":\"https:\\\/\\\/lutz-blades.com\\\/pl\\\/misja-ameryka-poludniowa-specjalista-lutz-na-iplas-i-aseplas\\\/\"},\"author\":{\"name\":\"pixel-admin\",\"@id\":\"https:\\\/\\\/lutz-blades.com\\\/pl\\\/#\\\/schema\\\/person\\\/85d05ae255860e5ce920f7f9a2bd3bcd\"},\"headline\":\"Misja Ameryka Po\u0142udniowa: Specjalista LUTZ na Iplas i Aseplas\",\"datePublished\":\"2023-09-29T14:14:20+00:00\",\"dateModified\":\"2023-10-18T11:10:56+00:00\",\"mainEntityOfPage\":{\"@id\":\"https:\\\/\\\/lutz-blades.com\\\/pl\\\/misja-ameryka-poludniowa-specjalista-lutz-na-iplas-i-aseplas\\\/\"},\"wordCount\":199,\"publisher\":{\"@id\":\"https:\\\/\\\/lutz-blades.com\\\/pl\\\/#organization\"},\"image\":{\"@id\":\"https:\\\/\\\/lutz-blades.com\\\/pl\\\/misja-ameryka-poludniowa-specjalista-lutz-na-iplas-i-aseplas\\\/#primaryimage\"},\"thumbnailUrl\":\"https:\\\/\\\/lutz-blades.com\\\/wp-content\\\/uploads\\\/messe_suedamerika2_768x301.jpg\",\"articleSection\":[\"Mi\u0119dzynarodowy\",\"Targi\"],\"inLanguage\":\"pl-PL\"},{\"@type\":\"WebPage\",\"@id\":\"https:\\\/\\\/lutz-blades.com\\\/pl\\\/misja-ameryka-poludniowa-specjalista-lutz-na-iplas-i-aseplas\\\/\",\"url\":\"https:\\\/\\\/lutz-blades.com\\\/pl\\\/misja-ameryka-poludniowa-specjalista-lutz-na-iplas-i-aseplas\\\/\",\"name\":\"Misja Ameryka Po\u0142udniowa: Specjalista LUTZ na Iplas i Aseplas\",\"isPartOf\":{\"@id\":\"https:\\\/\\\/lutz-blades.com\\\/pl\\\/#website\"},\"primaryImageOfPage\":{\"@id\":\"https:\\\/\\\/lutz-blades.com\\\/pl\\\/misja-ameryka-poludniowa-specjalista-lutz-na-iplas-i-aseplas\\\/#primaryimage\"},\"image\":{\"@id\":\"https:\\\/\\\/lutz-blades.com\\\/pl\\\/misja-ameryka-poludniowa-specjalista-lutz-na-iplas-i-aseplas\\\/#primaryimage\"},\"thumbnailUrl\":\"https:\\\/\\\/lutz-blades.com\\\/wp-content\\\/uploads\\\/messe_suedamerika2_768x301.jpg\",\"datePublished\":\"2023-09-29T14:14:20+00:00\",\"dateModified\":\"2023-10-18T11:10:56+00:00\",\"description\":\"LUTZ BLADES na Iplas & Aseplas: Specjalista LUTZ Manuel Garcia Blau z sukcesem na targach Iplas & Aseplas w Ekwadorze, Ameryka Po\u0142udniowa\",\"breadcrumb\":{\"@id\":\"https:\\\/\\\/lutz-blades.com\\\/pl\\\/misja-ameryka-poludniowa-specjalista-lutz-na-iplas-i-aseplas\\\/#breadcrumb\"},\"inLanguage\":\"pl-PL\",\"potentialAction\":[{\"@type\":\"ReadAction\",\"target\":[\"https:\\\/\\\/lutz-blades.com\\\/pl\\\/misja-ameryka-poludniowa-specjalista-lutz-na-iplas-i-aseplas\\\/\"]}]},{\"@type\":\"ImageObject\",\"inLanguage\":\"pl-PL\",\"@id\":\"https:\\\/\\\/lutz-blades.com\\\/pl\\\/misja-ameryka-poludniowa-specjalista-lutz-na-iplas-i-aseplas\\\/#primaryimage\",\"url\":\"https:\\\/\\\/lutz-blades.com\\\/wp-content\\\/uploads\\\/messe_suedamerika2_768x301.jpg\",\"contentUrl\":\"https:\\\/\\\/lutz-blades.com\\\/wp-content\\\/uploads\\\/messe_suedamerika2_768x301.jpg\",\"width\":768,\"height\":301},{\"@type\":\"BreadcrumbList\",\"@id\":\"https:\\\/\\\/lutz-blades.com\\\/pl\\\/misja-ameryka-poludniowa-specjalista-lutz-na-iplas-i-aseplas\\\/#breadcrumb\",\"itemListElement\":[{\"@type\":\"ListItem\",\"position\":1,\"name\":\"Startseite\",\"item\":\"https:\\\/\\\/lutz-blades.com\\\/pl\\\/\"},{\"@type\":\"ListItem\",\"position\":2,\"name\":\"Misja Ameryka Po\u0142udniowa: Specjalista LUTZ na Iplas i Aseplas\"}]},{\"@type\":\"WebSite\",\"@id\":\"https:\\\/\\\/lutz-blades.com\\\/pl\\\/#website\",\"url\":\"https:\\\/\\\/lutz-blades.com\\\/pl\\\/\",\"name\":\"LUTZ BLADES exactly\",\"description\":\"\",\"publisher\":{\"@id\":\"https:\\\/\\\/lutz-blades.com\\\/pl\\\/#organization\"},\"potentialAction\":[{\"@type\":\"SearchAction\",\"target\":{\"@type\":\"EntryPoint\",\"urlTemplate\":\"https:\\\/\\\/lutz-blades.com\\\/pl\\\/?s={search_term_string}\"},\"query-input\":{\"@type\":\"PropertyValueSpecification\",\"valueRequired\":true,\"valueName\":\"search_term_string\"}}],\"inLanguage\":\"pl-PL\"},{\"@type\":\"Organization\",\"@id\":\"https:\\\/\\\/lutz-blades.com\\\/pl\\\/#organization\",\"name\":\"LUTZ BLADES exactly\",\"url\":\"https:\\\/\\\/lutz-blades.com\\\/pl\\\/\",\"logo\":{\"@type\":\"ImageObject\",\"inLanguage\":\"pl-PL\",\"@id\":\"https:\\\/\\\/lutz-blades.com\\\/pl\\\/#\\\/schema\\\/logo\\\/image\\\/\",\"url\":\"https:\\\/\\\/lutz-blades.com\\\/wp-content\\\/uploads\\\/lutz-blades-logo.svg\",\"contentUrl\":\"https:\\\/\\\/lutz-blades.com\\\/wp-content\\\/uploads\\\/lutz-blades-logo.svg\",\"width\":240,\"height\":66,\"caption\":\"LUTZ BLADES exactly\"},\"image\":{\"@id\":\"https:\\\/\\\/lutz-blades.com\\\/pl\\\/#\\\/schema\\\/logo\\\/image\\\/\"}},{\"@type\":\"Person\",\"@id\":\"https:\\\/\\\/lutz-blades.com\\\/pl\\\/#\\\/schema\\\/person\\\/85d05ae255860e5ce920f7f9a2bd3bcd\",\"name\":\"pixel-admin\",\"image\":{\"@type\":\"ImageObject\",\"inLanguage\":\"pl-PL\",\"@id\":\"https:\\\/\\\/secure.gravatar.com\\\/avatar\\\/785fddc6db887433d212271afce3ed342c0426d8cb3df410021c462d8973cb5e?s=96&d=mm&r=g\",\"url\":\"https:\\\/\\\/secure.gravatar.com\\\/avatar\\\/785fddc6db887433d212271afce3ed342c0426d8cb3df410021c462d8973cb5e?s=96&d=mm&r=g\",\"contentUrl\":\"https:\\\/\\\/secure.gravatar.com\\\/avatar\\\/785fddc6db887433d212271afce3ed342c0426d8cb3df410021c462d8973cb5e?s=96&d=mm&r=g\",\"caption\":\"pixel-admin\"},\"sameAs\":[\"http:\\\/\\\/lutz-blades.com\"]}]}<\/script>\n<!-- \/ Yoast SEO plugin. -->","yoast_head_json":{"title":"Misja Ameryka Po\u0142udniowa: Specjalista LUTZ na Iplas i Aseplas","description":"LUTZ BLADES na Iplas & Aseplas: Specjalista LUTZ Manuel Garcia Blau z sukcesem na targach Iplas & Aseplas w Ekwadorze, Ameryka Po\u0142udniowa","robots":{"index":"index","follow":"follow","max-snippet":"max-snippet:-1","max-image-preview":"max-image-preview:large","max-video-preview":"max-video-preview:-1"},"canonical":"https:\/\/lutz-blades.com\/pl\/misja-ameryka-poludniowa-specjalista-lutz-na-iplas-i-aseplas\/","og_locale":"pl_PL","og_type":"article","og_title":"Misja Ameryka Po\u0142udniowa: Specjalista LUTZ na Iplas i Aseplas","og_description":"LUTZ BLADES na Iplas & Aseplas: Specjalista LUTZ Manuel Garcia Blau z sukcesem na targach Iplas & Aseplas w Ekwadorze, Ameryka Po\u0142udniowa","og_url":"https:\/\/lutz-blades.com\/pl\/misja-ameryka-poludniowa-specjalista-lutz-na-iplas-i-aseplas\/","og_site_name":"LUTZ BLADES exactly","article_published_time":"2023-09-29T14:14:20+00:00","article_modified_time":"2023-10-18T11:10:56+00:00","og_image":[{"width":150,"height":150,"url":"https:\/\/lutz-blades.com\/wp-content\/uploads\/messe_suedamerika2_768x301-150x150.jpg","type":"image\/jpeg"}],"author":"pixel-admin","twitter_card":"summary_large_image","twitter_misc":{"Napisane przez":"pixel-admin","Szacowany czas czytania":"1 minuta"},"schema":{"@context":"https:\/\/schema.org","@graph":[{"@type":"Article","@id":"https:\/\/lutz-blades.com\/pl\/misja-ameryka-poludniowa-specjalista-lutz-na-iplas-i-aseplas\/#article","isPartOf":{"@id":"https:\/\/lutz-blades.com\/pl\/misja-ameryka-poludniowa-specjalista-lutz-na-iplas-i-aseplas\/"},"author":{"name":"pixel-admin","@id":"https:\/\/lutz-blades.com\/pl\/#\/schema\/person\/85d05ae255860e5ce920f7f9a2bd3bcd"},"headline":"Misja Ameryka Po\u0142udniowa: Specjalista LUTZ na Iplas i Aseplas","datePublished":"2023-09-29T14:14:20+00:00","dateModified":"2023-10-18T11:10:56+00:00","mainEntityOfPage":{"@id":"https:\/\/lutz-blades.com\/pl\/misja-ameryka-poludniowa-specjalista-lutz-na-iplas-i-aseplas\/"},"wordCount":199,"publisher":{"@id":"https:\/\/lutz-blades.com\/pl\/#organization"},"image":{"@id":"https:\/\/lutz-blades.com\/pl\/misja-ameryka-poludniowa-specjalista-lutz-na-iplas-i-aseplas\/#primaryimage"},"thumbnailUrl":"https:\/\/lutz-blades.com\/wp-content\/uploads\/messe_suedamerika2_768x301.jpg","articleSection":["Mi\u0119dzynarodowy","Targi"],"inLanguage":"pl-PL"},{"@type":"WebPage","@id":"https:\/\/lutz-blades.com\/pl\/misja-ameryka-poludniowa-specjalista-lutz-na-iplas-i-aseplas\/","url":"https:\/\/lutz-blades.com\/pl\/misja-ameryka-poludniowa-specjalista-lutz-na-iplas-i-aseplas\/","name":"Misja Ameryka Po\u0142udniowa: Specjalista LUTZ na Iplas i Aseplas","isPartOf":{"@id":"https:\/\/lutz-blades.com\/pl\/#website"},"primaryImageOfPage":{"@id":"https:\/\/lutz-blades.com\/pl\/misja-ameryka-poludniowa-specjalista-lutz-na-iplas-i-aseplas\/#primaryimage"},"image":{"@id":"https:\/\/lutz-blades.com\/pl\/misja-ameryka-poludniowa-specjalista-lutz-na-iplas-i-aseplas\/#primaryimage"},"thumbnailUrl":"https:\/\/lutz-blades.com\/wp-content\/uploads\/messe_suedamerika2_768x301.jpg","datePublished":"2023-09-29T14:14:20+00:00","dateModified":"2023-10-18T11:10:56+00:00","description":"LUTZ BLADES na Iplas & Aseplas: Specjalista LUTZ Manuel Garcia Blau z sukcesem na targach Iplas & Aseplas w Ekwadorze, Ameryka Po\u0142udniowa","breadcrumb":{"@id":"https:\/\/lutz-blades.com\/pl\/misja-ameryka-poludniowa-specjalista-lutz-na-iplas-i-aseplas\/#breadcrumb"},"inLanguage":"pl-PL","potentialAction":[{"@type":"ReadAction","target":["https:\/\/lutz-blades.com\/pl\/misja-ameryka-poludniowa-specjalista-lutz-na-iplas-i-aseplas\/"]}]},{"@type":"ImageObject","inLanguage":"pl-PL","@id":"https:\/\/lutz-blades.com\/pl\/misja-ameryka-poludniowa-specjalista-lutz-na-iplas-i-aseplas\/#primaryimage","url":"https:\/\/lutz-blades.com\/wp-content\/uploads\/messe_suedamerika2_768x301.jpg","contentUrl":"https:\/\/lutz-blades.com\/wp-content\/uploads\/messe_suedamerika2_768x301.jpg","width":768,"height":301},{"@type":"BreadcrumbList","@id":"https:\/\/lutz-blades.com\/pl\/misja-ameryka-poludniowa-specjalista-lutz-na-iplas-i-aseplas\/#breadcrumb","itemListElement":[{"@type":"ListItem","position":1,"name":"Startseite","item":"https:\/\/lutz-blades.com\/pl\/"},{"@type":"ListItem","position":2,"name":"Misja Ameryka Po\u0142udniowa: Specjalista LUTZ na Iplas i Aseplas"}]},{"@type":"WebSite","@id":"https:\/\/lutz-blades.com\/pl\/#website","url":"https:\/\/lutz-blades.com\/pl\/","name":"LUTZ BLADES exactly","description":"","publisher":{"@id":"https:\/\/lutz-blades.com\/pl\/#organization"},"potentialAction":[{"@type":"SearchAction","target":{"@type":"EntryPoint","urlTemplate":"https:\/\/lutz-blades.com\/pl\/?s={search_term_string}"},"query-input":{"@type":"PropertyValueSpecification","valueRequired":true,"valueName":"search_term_string"}}],"inLanguage":"pl-PL"},{"@type":"Organization","@id":"https:\/\/lutz-blades.com\/pl\/#organization","name":"LUTZ BLADES exactly","url":"https:\/\/lutz-blades.com\/pl\/","logo":{"@type":"ImageObject","inLanguage":"pl-PL","@id":"https:\/\/lutz-blades.com\/pl\/#\/schema\/logo\/image\/","url":"https:\/\/lutz-blades.com\/wp-content\/uploads\/lutz-blades-logo.svg","contentUrl":"https:\/\/lutz-blades.com\/wp-content\/uploads\/lutz-blades-logo.svg","width":240,"height":66,"caption":"LUTZ BLADES exactly"},"image":{"@id":"https:\/\/lutz-blades.com\/pl\/#\/schema\/logo\/image\/"}},{"@type":"Person","@id":"https:\/\/lutz-blades.com\/pl\/#\/schema\/person\/85d05ae255860e5ce920f7f9a2bd3bcd","name":"pixel-admin","image":{"@type":"ImageObject","inLanguage":"pl-PL","@id":"https:\/\/secure.gravatar.com\/avatar\/785fddc6db887433d212271afce3ed342c0426d8cb3df410021c462d8973cb5e?s=96&d=mm&r=g","url":"https:\/\/secure.gravatar.com\/avatar\/785fddc6db887433d212271afce3ed342c0426d8cb3df410021c462d8973cb5e?s=96&d=mm&r=g","contentUrl":"https:\/\/secure.gravatar.com\/avatar\/785fddc6db887433d212271afce3ed342c0426d8cb3df410021c462d8973cb5e?s=96&d=mm&r=g","caption":"pixel-admin"},"sameAs":["http:\/\/lutz-blades.com"]}]}},"_links":{"self":[{"href":"https:\/\/lutz-blades.com\/pl\/wp-json\/wp\/v2\/posts\/24976","targetHints":{"allow":["GET"]}}],"collection":[{"href":"https:\/\/lutz-blades.com\/pl\/wp-json\/wp\/v2\/posts"}],"about":[{"href":"https:\/\/lutz-blades.com\/pl\/wp-json\/wp\/v2\/types\/post"}],"author":[{"embeddable":true,"href":"https:\/\/lutz-blades.com\/pl\/wp-json\/wp\/v2\/users\/1"}],"replies":[{"embeddable":true,"href":"https:\/\/lutz-blades.com\/pl\/wp-json\/wp\/v2\/comments?post=24976"}],"version-history":[{"count":4,"href":"https:\/\/lutz-blades.com\/pl\/wp-json\/wp\/v2\/posts\/24976\/revisions"}],"predecessor-version":[{"id":29285,"href":"https:\/\/lutz-blades.com\/pl\/wp-json\/wp\/v2\/posts\/24976\/revisions\/29285"}],"wp:featuredmedia":[{"embeddable":true,"href":"https:\/\/lutz-blades.com\/pl\/wp-json\/wp\/v2\/media\/24950"}],"wp:attachment":[{"href":"https:\/\/lutz-blades.com\/pl\/wp-json\/wp\/v2\/media?parent=24976"}],"wp:term":[{"taxonomy":"category","embeddable":true,"href":"https:\/\/lutz-blades.com\/pl\/wp-json\/wp\/v2\/categories?post=24976"},{"taxonomy":"post_tag","embeddable":true,"href":"https:\/\/lutz-blades.com\/pl\/wp-json\/wp\/v2\/tags?post=24976"}],"curies":[{"name":"wp","href":"https:\/\/api.w.org\/{rel}","templated":true}]}}